{"id":1897,"date":"2026-04-29T10:05:13","date_gmt":"2026-04-29T10:05:13","guid":{"rendered":"https:\/\/nra.pt\/?p=1897"},"modified":"2026-04-29T10:23:39","modified_gmt":"2026-04-29T10:23:39","slug":"dia-mundial-do-radioamador","status":"publish","type":"post","link":"https:\/\/nra.pt\/index.php\/2026\/04\/29\/dia-mundial-do-radioamador\/","title":{"rendered":"Dia Mundial do Radioamador"},"content":{"rendered":"\n<p>O Dia Mundial do Radioamador, celebrado a 18 de abril, homenageia todos os entusiastas da comunica\u00e7\u00e3o por r\u00e1dio.<br>A data assinala a funda\u00e7\u00e3o da Uni\u00e3o Internacional de Radioamadores (IARU), em 1925, em Paris, onde os radioamadores foram pioneiros na explora\u00e7\u00e3o das frequ\u00eancias de r\u00e1dio.<\/p>\n\n\n\n<p>O radioamadorismo \u00e9 muito mais do que um hobby: representa uma forma de comunica\u00e7\u00e3o essencial, especialmente em situa\u00e7\u00f5es de emerg\u00eancia, onde os operadores podem desempenhar um papel crucial no apoio \u00e0s comunica\u00e7\u00f5es globais e na promo\u00e7\u00e3o da amizade entre culturas e na\u00e7\u00f5es.<\/p>\n\n\n\n<p>Assim, o NRA \u2013 N\u00facleo de Radioamadores da Armada celebrou este dia com a ativa\u00e7\u00e3o das suas esta\u00e7\u00f5es, refor\u00e7ando o compromisso com o servi\u00e7o, a t\u00e9cnica e a comunidade radioamadora.<\/p>\n\n\n\n<figure class=\"wp-block-image size-full\"><img loading=\"lazy\" decoding=\"async\" width=\"816\" height=\"816\" src=\"https:\/\/nra.pt\/wp-content\/uploads\/2026\/04\/DiaMundialHamradio.jpg\" alt=\"\" class=\"wp-image-1898\" srcset=\"https:\/\/nra.pt\/wp-content\/uploads\/2026\/04\/DiaMundialHamradio.jpg 816w, https:\/\/nra.pt\/wp-content\/uploads\/2026\/04\/DiaMundialHamradio-300x300.jpg 300w, https:\/\/nra.pt\/wp-content\/uploads\/2026\/04\/DiaMundialHamradio-150x150.jpg 150w, https:\/\/nra.pt\/wp-content\/uploads\/2026\/04\/DiaMundialHamradio-768x768.jpg 768w, https:\/\/nra.pt\/wp-content\/uploads\/2026\/04\/DiaMundialHamradio-24x24.jpg 24w, https:\/\/nra.pt\/wp-content\/uploads\/2026\/04\/DiaMundialHamradio-48x48.jpg 48w, https:\/\/nra.pt\/wp-content\/uploads\/2026\/04\/DiaMundialHamradio-96x96.jpg 96w\" sizes=\"auto, (max-width: 816px) 100vw, 816px\" \/><\/figure>\n","protected":false},"excerpt":{"rendered":"<p>O Dia Mundial do Radioamador, celebrado a 18 de abril, homenageia todos os entusiastas da comunica\u00e7\u00e3o por r\u00e1dio.A data assinala<\/p>\n","protected":false},"author":1,"featured_media":1898,"comment_status":"open","ping_status":"open","sticky":false,"template":"","format":"standard","meta":{"colormag_page_container_layout":"default_layout","colormag_page_sidebar_layout":"default_layout","footnotes":""},"categories":[36,64,34],"tags":[],"class_list":["post-1897","post","type-post","status-publish","format-standard","has-post-thumbnail","hentry","category-contest","category-cw","category-nra"],"publishpress_future_action":{"enabled":false,"date":"2026-05-29 13:18:37","action":"delete","newStatus":"draft","terms":[],"taxonomy":"category","extraData":[]},"publishpress_future_workflow_manual_trigger":{"enabledWorkflows":[]},"_links":{"self":[{"href":"https:\/\/nra.pt\/index.php\/wp-json\/wp\/v2\/posts\/1897","targetHints":{"allow":["GET"]}}],"collection":[{"href":"https:\/\/nra.pt\/index.php\/wp-json\/wp\/v2\/posts"}],"about":[{"href":"https:\/\/nra.pt\/index.php\/wp-json\/wp\/v2\/types\/post"}],"author":[{"embeddable":true,"href":"https:\/\/nra.pt\/index.php\/wp-json\/wp\/v2\/users\/1"}],"replies":[{"embeddable":true,"href":"https:\/\/nra.pt\/index.php\/wp-json\/wp\/v2\/comments?post=1897"}],"version-history":[{"count":1,"href":"https:\/\/nra.pt\/index.php\/wp-json\/wp\/v2\/posts\/1897\/revisions"}],"predecessor-version":[{"id":1899,"href":"https:\/\/nra.pt\/index.php\/wp-json\/wp\/v2\/posts\/1897\/revisions\/1899"}],"wp:featuredmedia":[{"embeddable":true,"href":"https:\/\/nra.pt\/index.php\/wp-json\/wp\/v2\/media\/1898"}],"wp:attachment":[{"href":"https:\/\/nra.pt\/index.php\/wp-json\/wp\/v2\/media?parent=1897"}],"wp:term":[{"taxonomy":"category","embeddable":true,"href":"https:\/\/nra.pt\/index.php\/wp-json\/wp\/v2\/categories?post=1897"},{"taxonomy":"post_tag","embeddable":true,"href":"https:\/\/nra.pt\/index.php\/wp-json\/wp\/v2\/tags?post=1897"}],"curies":[{"name":"wp","href":"https:\/\/api.w.org\/{rel}","templated":true}]}}